{"id":6964,"date":"2025-11-13T12:00:18","date_gmt":"2025-11-13T12:00:18","guid":{"rendered":"https:\/\/ocesargalao.me\/?p=6964"},"modified":"2025-11-13T12:00:18","modified_gmt":"2025-11-13T12:00:18","slug":"a-sociedade-dos-tempos-entre-a-razao-perdida-e-o-progresso-vazio","status":"publish","type":"post","link":"https:\/\/ocesargalao.me\/?p=6964","title":{"rendered":"A Sociedade dos Tempos: Entre a Raz\u00e3o Perdida e o Progresso Vazio"},"content":{"rendered":"\n<figure class=\"wp-block-image size-large\"><img decoding=\"async\" src=\"https:\/\/ocesargalao.me\/wp-content\/uploads\/2025\/11\/550079240_10229793272912363_335261813128691664_n-683x1024.jpg\" alt=\"\" class=\"wp-image-6965\"\/><\/figure>\n\n\n\n<p>Introdu\u00e7\u00e3o<\/p>\n\n\n\n<p>Que tempos s\u00e3o estes que vivemos?<br>Nasci nos anos 80 e n\u00e3o me lembro de ter vivido, nem de ter estudado tempos como estes. A evolu\u00e7\u00e3o dos \u00faltimos anos \u00e9 gigantesca \u2014 tecnol\u00f3gica, industrial, m\u00e9dica, astron\u00f3mica&#8230; E, no entanto, a humanidade parece estagnada, ou pior, retr\u00f3grada. Desprovida de discernimento, de capacidade cognitiva, de vontade de pensar.<\/p>\n\n\n\n<p>O contraste entre o progresso e a sabedoria<\/p>\n\n\n\n<p>H\u00e1 mais de dois mil anos, pensadores como Zen\u00e3o de C\u00edtio, S\u00eaneca, Epiteto, Marco Aur\u00e9lio, Plat\u00e3o e Arist\u00f3teles j\u00e1 tinham chegado a conclus\u00f5es profundas sobre a vida e a natureza humana. Hoje, com acesso a todo esse conhecimento, parece que escolhemos ignor\u00e1-lo.<\/p>\n\n\n\n<p>Zen\u00e3o de C\u00edtio, fundador do Estoicismo, ensinava que a harmonia com a natureza e o universo, governado pela raz\u00e3o divina (logos), era a chave para a vida.<br>S\u00eaneca dizia: \u201cApressa-te a viver bem e pensa que cada dia \u00e9, por si s\u00f3, uma vida.\u201d<br>Epiteto lembrava-nos que a for\u00e7a reside na nossa mente, n\u00e3o nos eventos externos.<br>Marco Aur\u00e9lio, imperador e fil\u00f3sofo, acreditava que o prop\u00f3sito da vida \u00e9 agir com justi\u00e7a e de forma desinteressada.<\/p>\n\n\n\n<p>E n\u00f3s? Seres supostamente inteligentes, do alto do nosso pedestal tecnol\u00f3gico, parecemos ignorar tudo isso. Preferimos manipular, mentir, adulterar, parecer em vez de ser.<\/p>\n\n\n\n<p>A ilus\u00e3o do material<\/p>\n\n\n\n<p>\u00c9 curioso \u2014 e triste \u2014 o qu\u00e3o burro, mau e perigoso o ser humano se pode tornar. A gan\u00e2ncia, a avareza, o querer pelo simples facto de ter. O materialismo desenfreado. Para qu\u00ea?<\/p>\n\n\n\n<p>Como dizia Arist\u00f3teles, \u201cA felicidade depende de n\u00f3s mesmos.\u201d<br>E como refor\u00e7a o Estoicismo: \u201cA verdadeira felicidade e a paz interior v\u00eam de cultivar a coragem, a justi\u00e7a, a temperan\u00e7a e a sabedoria.\u201d<br>Estas qualidades devem ser aplicadas nas nossas rela\u00e7\u00f5es, mas s\u00e3o independentes da exist\u00eancia ou perda dessas rela\u00e7\u00f5es.<\/p>\n\n\n\n<p>A dureza da lucidez<\/p>\n\n\n\n<p>Pensar assim pode parecer insens\u00edvel. Mas uma coisa \u00e9 parecer, outra \u00e9 ser. O dif\u00edcil \u00e9 encontrar o equil\u00edbrio: usar o bem pelo bem, e n\u00e3o o parecer bem pelo mal.<\/p>\n\n\n\n<p>Esta n\u00e3o \u00e9 uma vis\u00e3o rom\u00e2ntica. \u00c9 pr\u00e1tica. Pensar, investigar, ler e querer aprender d\u00e1 trabalho. \u00c9 bem mais f\u00e1cil sentar-me aqui, eu Del Rei, e dizer que a minha justi\u00e7a \u00e9 a \u00fanica. Opinar sem pensar, disparar em todas as dire\u00e7\u00f5es \u2014 hei-de acertar.<\/p>\n\n\n\n<p>Conclus\u00e3o<\/p>\n\n\n\n<p>Desejo a todos uma excelente noite, bom descanso. E fa\u00e7am-me um favor: continuem assim tal e qual est\u00e3o, \u00e9 bem mais f\u00e1cil para todos.<\/p>\n\n\n\n<figure class=\"wp-block-image size-full\"><img fetchpriority=\"high\" decoding=\"async\" width=\"1024\" height=\"358\" src=\"https:\/\/ocesargalao.me\/wp-content\/uploads\/2025\/11\/LOGO_cesar_Galao_SF-1.webp\" alt=\"\" class=\"wp-image-6962\" srcset=\"https:\/\/ocesargalao.me\/wp-content\/uploads\/2025\/11\/LOGO_cesar_Galao_SF-1.webp 1024w, https:\/\/ocesargalao.me\/wp-content\/uploads\/2025\/11\/LOGO_cesar_Galao_SF-1-300x105.webp 300w\" sizes=\"(max-width: 1024px) 100vw, 1024px\" \/><\/figure>\n","protected":false},"excerpt":{"rendered":"<p>Introdu\u00e7\u00e3o Que tempos s\u00e3o estes que vivemos?Nasci nos anos 80 e n\u00e3o me lembro de ter vivido, nem de ter estudado tempos como estes. A evolu\u00e7\u00e3o dos \u00faltimos anos \u00e9 gigantesca \u2014 tecnol\u00f3gica, industrial, m\u00e9dica, astron\u00f3mica&#8230; E, no entanto, a humanidade parece estagnada, ou pior, retr\u00f3grada. Desprovida de discernimento, de capacidade cognitiva, de vontade de &hellip; <\/p>\n<p class=\"link-more\"><a href=\"https:\/\/ocesargalao.me\/?p=6964\" class=\"more-link\">Read more<span class=\"screen-reader-text\"> &#8220;A Sociedade dos Tempos: Entre a Raz\u00e3o Perdida e o Progresso Vazio&#8221;<\/span><\/a><\/p>\n","protected":false},"author":1,"featured_media":6965,"comment_status":"open","ping_status":"open","sticky":false,"template":"","format":"standard","meta":{"_jetpack_memberships_contains_paid_content":false,"footnotes":"","jetpack_publicize_message":"","jetpack_publicize_feature_enabled":true,"jetpack_social_post_already_shared":false,"jetpack_social_options":{"image_generator_settings":{"template":"highway","default_image_id":0,"font":"","enabled":false},"version":2}},"categories":[46],"tags":[],"class_list":["post-6964","post","type-post","status-publish","format-standard","has-post-thumbnail","hentry","category-escrita"],"jetpack_publicize_connections":[],"jetpack_featured_media_url":"https:\/\/ocesargalao.me\/wp-content\/uploads\/2025\/11\/550079240_10229793272912363_335261813128691664_n.webp","jetpack_sharing_enabled":true,"featured_media_urls":{"thumbnail":["https:\/\/ocesargalao.me\/wp-content\/uploads\/2025\/11\/550079240_10229793272912363_335261813128691664_n-150x150.webp",150,150,true],"medium":["https:\/\/ocesargalao.me\/wp-content\/uploads\/2025\/11\/550079240_10229793272912363_335261813128691664_n-200x300.webp",200,300,true],"medium_large":["https:\/\/ocesargalao.me\/wp-content\/uploads\/2025\/11\/550079240_10229793272912363_335261813128691664_n.webp",768,1152,false],"large":["https:\/\/ocesargalao.me\/wp-content\/uploads\/2025\/11\/550079240_10229793272912363_335261813128691664_n-683x1024.webp",683,1024,true],"1536x1536":["https:\/\/ocesargalao.me\/wp-content\/uploads\/2025\/11\/550079240_10229793272912363_335261813128691664_n.webp",1024,1536,false],"2048x2048":["https:\/\/ocesargalao.me\/wp-content\/uploads\/2025\/11\/550079240_10229793272912363_335261813128691664_n.webp",1024,1536,false],"inspiro-featured-image":["https:\/\/ocesargalao.me\/wp-content\/uploads\/2025\/11\/550079240_10229793272912363_335261813128691664_n.webp",1024,1536,false],"inspiro-loop":["https:\/\/ocesargalao.me\/wp-content\/uploads\/2025\/11\/550079240_10229793272912363_335261813128691664_n-950x320.webp",950,320,true],"inspiro-loop@2x":["https:\/\/ocesargalao.me\/wp-content\/uploads\/2025\/11\/550079240_10229793272912363_335261813128691664_n-1024x640.webp",1024,640,true],"portfolio_item-thumbnail":["https:\/\/ocesargalao.me\/wp-content\/uploads\/2025\/11\/550079240_10229793272912363_335261813128691664_n-600x400.webp",600,400,true],"portfolio_item-thumbnail@2x":["https:\/\/ocesargalao.me\/wp-content\/uploads\/2025\/11\/550079240_10229793272912363_335261813128691664_n-1024x800.webp",1024,800,true],"portfolio_item-masonry":["https:\/\/ocesargalao.me\/wp-content\/uploads\/2025\/11\/550079240_10229793272912363_335261813128691664_n-600x900.webp",600,900,true],"portfolio_item-masonry@2x":["https:\/\/ocesargalao.me\/wp-content\/uploads\/2025\/11\/550079240_10229793272912363_335261813128691664_n.webp",1024,1536,false],"portfolio_item-thumbnail_cinema":["https:\/\/ocesargalao.me\/wp-content\/uploads\/2025\/11\/550079240_10229793272912363_335261813128691664_n-800x335.webp",800,335,true],"portfolio_item-thumbnail_portrait":["https:\/\/ocesargalao.me\/wp-content\/uploads\/2025\/11\/550079240_10229793272912363_335261813128691664_n-600x900.webp",600,900,true],"portfolio_item-thumbnail_portrait@2x":["https:\/\/ocesargalao.me\/wp-content\/uploads\/2025\/11\/550079240_10229793272912363_335261813128691664_n.webp",1024,1536,false],"portfolio_item-thumbnail_square":["https:\/\/ocesargalao.me\/wp-content\/uploads\/2025\/11\/550079240_10229793272912363_335261813128691664_n-800x800.webp",800,800,true]},"_links":{"self":[{"href":"https:\/\/ocesargalao.me\/index.php?rest_route=\/wp\/v2\/posts\/6964","targetHints":{"allow":["GET"]}}],"collection":[{"href":"https:\/\/ocesargalao.me\/index.php?rest_route=\/wp\/v2\/posts"}],"about":[{"href":"https:\/\/ocesargalao.me\/index.php?rest_route=\/wp\/v2\/types\/post"}],"author":[{"embeddable":true,"href":"https:\/\/ocesargalao.me\/index.php?rest_route=\/wp\/v2\/users\/1"}],"replies":[{"embeddable":true,"href":"https:\/\/ocesargalao.me\/index.php?rest_route=%2Fwp%2Fv2%2Fcomments&post=6964"}],"version-history":[{"count":1,"href":"https:\/\/ocesargalao.me\/index.php?rest_route=\/wp\/v2\/posts\/6964\/revisions"}],"predecessor-version":[{"id":6966,"href":"https:\/\/ocesargalao.me\/index.php?rest_route=\/wp\/v2\/posts\/6964\/revisions\/6966"}],"wp:featuredmedia":[{"embeddable":true,"href":"https:\/\/ocesargalao.me\/index.php?rest_route=\/wp\/v2\/media\/6965"}],"wp:attachment":[{"href":"https:\/\/ocesargalao.me\/index.php?rest_route=%2Fwp%2Fv2%2Fmedia&parent=6964"}],"wp:term":[{"taxonomy":"category","embeddable":true,"href":"https:\/\/ocesargalao.me\/index.php?rest_route=%2Fwp%2Fv2%2Fcategories&post=6964"},{"taxonomy":"post_tag","embeddable":true,"href":"https:\/\/ocesargalao.me\/index.php?rest_route=%2Fwp%2Fv2%2Ftags&post=6964"}],"curies":[{"name":"wp","href":"https:\/\/api.w.org\/{rel}","templated":true}]}}